{"id":8292,"date":"2026-04-27T18:25:13","date_gmt":"2026-04-27T16:25:13","guid":{"rendered":"https:\/\/lo1.szczecin.pl\/?p=8292"},"modified":"2026-04-27T18:25:14","modified_gmt":"2026-04-27T16:25:14","slug":"klasy-pierwsze-na-sportowo","status":"publish","type":"post","link":"https:\/\/lo1.szczecin.pl\/index.php\/2026\/04\/27\/klasy-pierwsze-na-sportowo\/","title":{"rendered":"Klasy pierwsze na sportowo!"},"content":{"rendered":"\n<p><strong>23 kwietnia 2026 r. na terenie Parku Kasprowicza odby\u0142 si\u0119 Bieg im. Marii Sk\u0142odowskiej-Curie o Puchar Dyrektora Szko\u0142y. <\/strong>Jest to impreza sportowa dla uczni\u00f3w klas pierwszych, kt\u00f3ra na sta\u0142e wpisana jest w dzia\u0142ania szko\u0142y. Opr\u00f3cz promowania aktywno\u015bci fizycznej, upami\u0119tniamy te\u017c posta\u0107 naszej patronki szko\u0142y. <img loading=\"lazy\" decoding=\"async\" height=\"16\" width=\"16\" src=\"https:\/\/static.xx.fbcdn.net\/images\/emoji.php\/v9\/tbe\/1\/16\/1f3c6.png\" alt=\"\ud83c\udfc6\"> <strong>Puchar zdoby\u0142a klasa 1 d, kt\u00f3ra w klasyfikacji ko\u0144cowej ch\u0142opc\u00f3w <\/strong><br><strong>i dziewcz\u0105t, uzyska\u0142a najwi\u0119cej punkt\u00f3w.<\/strong><\/p>\n\n\n<div class=\"wp-block-image\">\n<figure class=\"aligncenter size-large is-resized\"><img loading=\"lazy\" decoding=\"async\" width=\"1024\" height=\"768\" src=\"https:\/\/lo1.szczecin.pl\/wp-content\/uploads\/2026\/04\/678176010_1499909178590619_4446692044453942416_n-1024x768.jpg\" alt=\"\" class=\"wp-image-8293\" style=\"width:684px;height:auto\" srcset=\"https:\/\/lo1.szczecin.pl\/wp-content\/uploads\/2026\/04\/678176010_1499909178590619_4446692044453942416_n-1024x768.jpg 1024w, https:\/\/lo1.szczecin.pl\/wp-content\/uploads\/2026\/04\/678176010_1499909178590619_4446692044453942416_n-300x225.jpg 300w, https:\/\/lo1.szczecin.pl\/wp-content\/uploads\/2026\/04\/678176010_1499909178590619_4446692044453942416_n-768x576.jpg 768w, https:\/\/lo1.szczecin.pl\/wp-content\/uploads\/2026\/04\/678176010_1499909178590619_4446692044453942416_n-1536x1152.jpg 1536w, https:\/\/lo1.szczecin.pl\/wp-content\/uploads\/2026\/04\/678176010_1499909178590619_4446692044453942416_n.jpg 2000w\" sizes=\"auto, (max-width: 1024px) 100vw, 1024px\" \/><\/figure><\/div>","protected":false},"excerpt":{"rendered":"<p>23 kwietnia 2026 r. na terenie Parku Kasprowicza odby\u0142 si\u0119 Bieg im. Marii Sk\u0142odowskiej-Curie o Puchar Dyrektora Szko\u0142y. Jest to impreza sportowa dla uczni\u00f3w klas pierwszych, kt\u00f3ra na sta\u0142e wpisana jest w dzia\u0142ania szko\u0142y. Opr\u00f3cz promowania aktywno\u015bci fizycznej, upami\u0119tniamy te\u017c posta\u0107 naszej patronki szko\u0142y. Puchar zdoby\u0142a klasa 1 d, kt\u00f3ra w klasyfikacji ko\u0144cowej ch\u0142opc\u00f3w i [&hellip;]<\/p>\n","protected":false},"author":1,"featured_media":0,"comment_status":"closed","ping_status":"open","sticky":false,"template":"","format":"standard","meta":{"footnotes":""},"categories":[1],"tags":[],"class_list":["post-8292","post","type-post","status-publish","format-standard","hentry","category-bez-kategorii"],"_links":{"self":[{"href":"https:\/\/lo1.szczecin.pl\/index.php\/wp-json\/wp\/v2\/posts\/8292","targetHints":{"allow":["GET"]}}],"collection":[{"href":"https:\/\/lo1.szczecin.pl\/index.php\/wp-json\/wp\/v2\/posts"}],"about":[{"href":"https:\/\/lo1.szczecin.pl\/index.php\/wp-json\/wp\/v2\/types\/post"}],"author":[{"embeddable":true,"href":"https:\/\/lo1.szczecin.pl\/index.php\/wp-json\/wp\/v2\/users\/1"}],"replies":[{"embeddable":true,"href":"https:\/\/lo1.szczecin.pl\/index.php\/wp-json\/wp\/v2\/comments?post=8292"}],"version-history":[{"count":2,"href":"https:\/\/lo1.szczecin.pl\/index.php\/wp-json\/wp\/v2\/posts\/8292\/revisions"}],"predecessor-version":[{"id":8295,"href":"https:\/\/lo1.szczecin.pl\/index.php\/wp-json\/wp\/v2\/posts\/8292\/revisions\/8295"}],"wp:attachment":[{"href":"https:\/\/lo1.szczecin.pl\/index.php\/wp-json\/wp\/v2\/media?parent=8292"}],"wp:term":[{"taxonomy":"category","embeddable":true,"href":"https:\/\/lo1.szczecin.pl\/index.php\/wp-json\/wp\/v2\/categories?post=8292"},{"taxonomy":"post_tag","embeddable":true,"href":"https:\/\/lo1.szczecin.pl\/index.php\/wp-json\/wp\/v2\/tags?post=8292"}],"curies":[{"name":"wp","href":"https:\/\/api.w.org\/{rel}","templated":true}]}}