{"id":8296,"date":"2026-04-27T18:27:54","date_gmt":"2026-04-27T16:27:54","guid":{"rendered":"https:\/\/lo1.szczecin.pl\/?p=8296"},"modified":"2026-04-27T18:27:54","modified_gmt":"2026-04-27T16:27:54","slug":"wycieczka-w-gory-harz","status":"publish","type":"post","link":"https:\/\/lo1.szczecin.pl\/index.php\/2026\/04\/27\/wycieczka-w-gory-harz\/","title":{"rendered":"Wycieczka w G\u00f3ry Harz"},"content":{"rendered":"\n<p><strong>W dniach 20\u201323 kwietnia uczniowie klas 2a i 2c uczestniczyli w wycieczce w G\u00f3ry Harz. <\/strong><br>Podczas wyjazdu zwiedzili\u015bmy urokliwe miasta Quedlinburg i Wernigerode, gdzie podziwiali\u015bmy zabytkow\u0105 architektur\u0119 i poznali\u015bmy histori\u0119 regionu. Wjechali\u015bmy r\u00f3wnie\u017c na Hexentanzplatz, sk\u0105d mogli\u015bmy podziwia\u0107 pi\u0119kne widoki.<\/p>\n\n\n\n<p>Najwi\u0119kszym wyzwaniem by\u0142o wej\u015bcie na najwy\u017cszy szczyt Harzu \u2013 Brocken, kt\u00f3re dostarczy\u0142o nam wielu wra\u017ce\u0144 i satysfakcji. Ostatniego dnia odwiedzili\u015bmy Centrum Nauki Phaeno oraz Volkswagen Autostadt w Wolfsburgu.<\/p>\n\n\n\n<figure class=\"wp-block-image size-large\"><img loading=\"lazy\" decoding=\"async\" width=\"1024\" height=\"1024\" src=\"https:\/\/lo1.szczecin.pl\/wp-content\/uploads\/2026\/04\/675924878_1500063291908541_2392856748551388216_n-1024x1024.jpg\" alt=\"\" class=\"wp-image-8297\" srcset=\"https:\/\/lo1.szczecin.pl\/wp-content\/uploads\/2026\/04\/675924878_1500063291908541_2392856748551388216_n-1024x1024.jpg 1024w, https:\/\/lo1.szczecin.pl\/wp-content\/uploads\/2026\/04\/675924878_1500063291908541_2392856748551388216_n-300x300.jpg 300w, https:\/\/lo1.szczecin.pl\/wp-content\/uploads\/2026\/04\/675924878_1500063291908541_2392856748551388216_n-150x150.jpg 150w, https:\/\/lo1.szczecin.pl\/wp-content\/uploads\/2026\/04\/675924878_1500063291908541_2392856748551388216_n-768x768.jpg 768w, https:\/\/lo1.szczecin.pl\/wp-content\/uploads\/2026\/04\/675924878_1500063291908541_2392856748551388216_n-1536x1536.jpg 1536w, https:\/\/lo1.szczecin.pl\/wp-content\/uploads\/2026\/04\/675924878_1500063291908541_2392856748551388216_n-60x60.jpg 60w, https:\/\/lo1.szczecin.pl\/wp-content\/uploads\/2026\/04\/675924878_1500063291908541_2392856748551388216_n.jpg 2048w\" sizes=\"auto, (max-width: 1024px) 100vw, 1024px\" \/><\/figure>\n","protected":false},"excerpt":{"rendered":"<p>W dniach 20\u201323 kwietnia uczniowie klas 2a i 2c uczestniczyli w wycieczce w G\u00f3ry Harz. Podczas wyjazdu zwiedzili\u015bmy urokliwe miasta Quedlinburg i Wernigerode, gdzie podziwiali\u015bmy zabytkow\u0105 architektur\u0119 i poznali\u015bmy histori\u0119 regionu. Wjechali\u015bmy r\u00f3wnie\u017c na Hexentanzplatz, sk\u0105d mogli\u015bmy podziwia\u0107 pi\u0119kne widoki. Najwi\u0119kszym wyzwaniem by\u0142o wej\u015bcie na najwy\u017cszy szczyt Harzu \u2013 Brocken, kt\u00f3re dostarczy\u0142o nam wielu wra\u017ce\u0144 [&hellip;]<\/p>\n","protected":false},"author":1,"featured_media":0,"comment_status":"closed","ping_status":"open","sticky":false,"template":"","format":"standard","meta":{"footnotes":""},"categories":[1],"tags":[],"class_list":["post-8296","post","type-post","status-publish","format-standard","hentry","category-bez-kategorii"],"_links":{"self":[{"href":"https:\/\/lo1.szczecin.pl\/index.php\/wp-json\/wp\/v2\/posts\/8296","targetHints":{"allow":["GET"]}}],"collection":[{"href":"https:\/\/lo1.szczecin.pl\/index.php\/wp-json\/wp\/v2\/posts"}],"about":[{"href":"https:\/\/lo1.szczecin.pl\/index.php\/wp-json\/wp\/v2\/types\/post"}],"author":[{"embeddable":true,"href":"https:\/\/lo1.szczecin.pl\/index.php\/wp-json\/wp\/v2\/users\/1"}],"replies":[{"embeddable":true,"href":"https:\/\/lo1.szczecin.pl\/index.php\/wp-json\/wp\/v2\/comments?post=8296"}],"version-history":[{"count":1,"href":"https:\/\/lo1.szczecin.pl\/index.php\/wp-json\/wp\/v2\/posts\/8296\/revisions"}],"predecessor-version":[{"id":8298,"href":"https:\/\/lo1.szczecin.pl\/index.php\/wp-json\/wp\/v2\/posts\/8296\/revisions\/8298"}],"wp:attachment":[{"href":"https:\/\/lo1.szczecin.pl\/index.php\/wp-json\/wp\/v2\/media?parent=8296"}],"wp:term":[{"taxonomy":"category","embeddable":true,"href":"https:\/\/lo1.szczecin.pl\/index.php\/wp-json\/wp\/v2\/categories?post=8296"},{"taxonomy":"post_tag","embeddable":true,"href":"https:\/\/lo1.szczecin.pl\/index.php\/wp-json\/wp\/v2\/tags?post=8296"}],"curies":[{"name":"wp","href":"https:\/\/api.w.org\/{rel}","templated":true}]}}