{"id":8299,"date":"2026-04-27T18:34:32","date_gmt":"2026-04-27T16:34:32","guid":{"rendered":"https:\/\/lo1.szczecin.pl\/?p=8299"},"modified":"2026-04-27T18:34:32","modified_gmt":"2026-04-27T16:34:32","slug":"gratulacje-16","status":"publish","type":"post","link":"https:\/\/lo1.szczecin.pl\/index.php\/2026\/04\/27\/gratulacje-16\/","title":{"rendered":"Gratulacje!"},"content":{"rendered":"\n<p><strong>Dwoje uczni\u00f3w I LO zosta\u0142o laureatami II i III miejsca w III Wojew\u00f3dzkim Konkursie na Komiks \u201eSuperbohaterowie: Zwykli i Niezwykli\u201d.<\/strong> Dzi\u015b odby\u0142a si\u0119 uroczysta Gala, podczas kt\u00f3rej uczennica <strong>Iga Kaliszer z kl. 2d oraz Bruno Ostiak z kl. 1e<\/strong> uzyskali tytu\u0142y laureat\u00f3w. <br>Na konkurs wp\u0142yn\u0119\u0142o 128 prac z 46 szk\u00f3\u0142 naszego wojew\u00f3dztwa. Dzi\u0119ki licznym patronatom i partnerom konkursu uczniowie zostali obdarowani atrakcyjnymi nagrodami. Organizacja konkursu: Zachodniopomorskie Centrum Doskonalenia Nauczycieli oraz Centrum Kszta\u0142cenia Sportowego. <strong>Gratulacje dla wszystkich i do zobaczenia za rok!<\/strong><\/p>\n\n\n<div class=\"wp-block-image\">\n<figure class=\"alignleft size-large is-resized\"><img loading=\"lazy\" decoding=\"async\" width=\"1024\" height=\"768\" src=\"https:\/\/lo1.szczecin.pl\/wp-content\/uploads\/2026\/04\/677761611_1500077901907080_4323099076521930036_n-1024x768.jpg\" alt=\"\" class=\"wp-image-8302\" style=\"width:483px;height:auto\" srcset=\"https:\/\/lo1.szczecin.pl\/wp-content\/uploads\/2026\/04\/677761611_1500077901907080_4323099076521930036_n-1024x768.jpg 1024w, https:\/\/lo1.szczecin.pl\/wp-content\/uploads\/2026\/04\/677761611_1500077901907080_4323099076521930036_n-300x225.jpg 300w, https:\/\/lo1.szczecin.pl\/wp-content\/uploads\/2026\/04\/677761611_1500077901907080_4323099076521930036_n-768x576.jpg 768w, https:\/\/lo1.szczecin.pl\/wp-content\/uploads\/2026\/04\/677761611_1500077901907080_4323099076521930036_n-1536x1152.jpg 1536w, https:\/\/lo1.szczecin.pl\/wp-content\/uploads\/2026\/04\/677761611_1500077901907080_4323099076521930036_n.jpg 2048w\" sizes=\"auto, (max-width: 1024px) 100vw, 1024px\" \/><\/figure><\/div>\n\n<div class=\"wp-block-image\">\n<figure class=\"alignright size-large is-resized\"><img loading=\"lazy\" decoding=\"async\" width=\"1024\" height=\"768\" src=\"https:\/\/lo1.szczecin.pl\/wp-content\/uploads\/2026\/04\/678287339_1500078495240354_6937133000921624551_n-1024x768.jpg\" alt=\"\" class=\"wp-image-8303\" style=\"width:319px;height:auto\" srcset=\"https:\/\/lo1.szczecin.pl\/wp-content\/uploads\/2026\/04\/678287339_1500078495240354_6937133000921624551_n-1024x768.jpg 1024w, https:\/\/lo1.szczecin.pl\/wp-content\/uploads\/2026\/04\/678287339_1500078495240354_6937133000921624551_n-300x225.jpg 300w, https:\/\/lo1.szczecin.pl\/wp-content\/uploads\/2026\/04\/678287339_1500078495240354_6937133000921624551_n-768x576.jpg 768w, https:\/\/lo1.szczecin.pl\/wp-content\/uploads\/2026\/04\/678287339_1500078495240354_6937133000921624551_n-1536x1152.jpg 1536w, https:\/\/lo1.szczecin.pl\/wp-content\/uploads\/2026\/04\/678287339_1500078495240354_6937133000921624551_n.jpg 2048w\" sizes=\"auto, (max-width: 1024px) 100vw, 1024px\" \/><\/figure><\/div>\n\n\n<p><\/p>\n","protected":false},"excerpt":{"rendered":"<p>Dwoje uczni\u00f3w I LO zosta\u0142o laureatami II i III miejsca w III Wojew\u00f3dzkim Konkursie na Komiks \u201eSuperbohaterowie: Zwykli i Niezwykli\u201d. Dzi\u015b odby\u0142a si\u0119 uroczysta Gala, podczas kt\u00f3rej uczennica Iga Kaliszer z kl. 2d oraz Bruno Ostiak z kl. 1e uzyskali tytu\u0142y laureat\u00f3w. Na konkurs wp\u0142yn\u0119\u0142o 128 prac z 46 szk\u00f3\u0142 naszego wojew\u00f3dztwa. Dzi\u0119ki licznym patronatom [&hellip;]<\/p>\n","protected":false},"author":1,"featured_media":0,"comment_status":"closed","ping_status":"open","sticky":false,"template":"","format":"standard","meta":{"footnotes":""},"categories":[1],"tags":[],"class_list":["post-8299","post","type-post","status-publish","format-standard","hentry","category-bez-kategorii"],"_links":{"self":[{"href":"https:\/\/lo1.szczecin.pl\/index.php\/wp-json\/wp\/v2\/posts\/8299","targetHints":{"allow":["GET"]}}],"collection":[{"href":"https:\/\/lo1.szczecin.pl\/index.php\/wp-json\/wp\/v2\/posts"}],"about":[{"href":"https:\/\/lo1.szczecin.pl\/index.php\/wp-json\/wp\/v2\/types\/post"}],"author":[{"embeddable":true,"href":"https:\/\/lo1.szczecin.pl\/index.php\/wp-json\/wp\/v2\/users\/1"}],"replies":[{"embeddable":true,"href":"https:\/\/lo1.szczecin.pl\/index.php\/wp-json\/wp\/v2\/comments?post=8299"}],"version-history":[{"count":3,"href":"https:\/\/lo1.szczecin.pl\/index.php\/wp-json\/wp\/v2\/posts\/8299\/revisions"}],"predecessor-version":[{"id":8304,"href":"https:\/\/lo1.szczecin.pl\/index.php\/wp-json\/wp\/v2\/posts\/8299\/revisions\/8304"}],"wp:attachment":[{"href":"https:\/\/lo1.szczecin.pl\/index.php\/wp-json\/wp\/v2\/media?parent=8299"}],"wp:term":[{"taxonomy":"category","embeddable":true,"href":"https:\/\/lo1.szczecin.pl\/index.php\/wp-json\/wp\/v2\/categories?post=8299"},{"taxonomy":"post_tag","embeddable":true,"href":"https:\/\/lo1.szczecin.pl\/index.php\/wp-json\/wp\/v2\/tags?post=8299"}],"curies":[{"name":"wp","href":"https:\/\/api.w.org\/{rel}","templated":true}]}}