{"id":8305,"date":"2026-04-27T18:37:26","date_gmt":"2026-04-27T16:37:26","guid":{"rendered":"https:\/\/lo1.szczecin.pl\/?p=8305"},"modified":"2026-04-27T18:37:26","modified_gmt":"2026-04-27T16:37:26","slug":"cenne-lekcja-historii","status":"publish","type":"post","link":"https:\/\/lo1.szczecin.pl\/index.php\/2026\/04\/27\/cenne-lekcja-historii\/","title":{"rendered":"Cenne lekcja historii"},"content":{"rendered":"\n<p><strong>Uczniowie I LO w Szczecinie mieli dzisiaj wyj\u0105tkow\u0105 okazj\u0119 zapoznania si\u0119 z oryginalnymi pracami Marii Hiszpa\u0144skiej-Neuman, artystki, by\u0142ej wi\u0119\u017aniarki FKL Ravensbr\u00fcck. <\/strong><br>Wystawie grafik przedstawiaj\u0105cych sceny z \u017cycia obozowego i portrety wi\u0119\u017aniarek towarzyszy\u0142 wyk\u0142ad o Polkach osadzonych w obozie Ravensbr\u00fcck poprowadzony przez Oddzia\u0142owe Biuro Edukacji Narodowej.<\/p>\n\n\n\n<p><strong>Wyj\u0105tkowe grafiki mo\u017cna ogl\u0105da\u0107 na Przystanku Historia w Szczecinie do ko\u0144ca tygodnia <\/strong><br><strong>po wcze\u015bniejszym um\u00f3wieniu si\u0119 z pracownikami Instytutu.<\/strong><\/p>\n\n\n<div class=\"wp-block-image\">\n<figure class=\"aligncenter size-large is-resized\"><img loading=\"lazy\" decoding=\"async\" width=\"1024\" height=\"768\" src=\"https:\/\/lo1.szczecin.pl\/wp-content\/uploads\/2026\/04\/673983572_1773604023621502_452200870242789081_n-1024x768.jpg\" alt=\"\" class=\"wp-image-8306\" style=\"width:677px;height:auto\" srcset=\"https:\/\/lo1.szczecin.pl\/wp-content\/uploads\/2026\/04\/673983572_1773604023621502_452200870242789081_n-1024x768.jpg 1024w, https:\/\/lo1.szczecin.pl\/wp-content\/uploads\/2026\/04\/673983572_1773604023621502_452200870242789081_n-300x225.jpg 300w, https:\/\/lo1.szczecin.pl\/wp-content\/uploads\/2026\/04\/673983572_1773604023621502_452200870242789081_n-768x576.jpg 768w, https:\/\/lo1.szczecin.pl\/wp-content\/uploads\/2026\/04\/673983572_1773604023621502_452200870242789081_n-1536x1152.jpg 1536w, https:\/\/lo1.szczecin.pl\/wp-content\/uploads\/2026\/04\/673983572_1773604023621502_452200870242789081_n.jpg 1600w\" sizes=\"auto, (max-width: 1024px) 100vw, 1024px\" \/><\/figure><\/div>\n\n\n<p><\/p>\n","protected":false},"excerpt":{"rendered":"<p>Uczniowie I LO w Szczecinie mieli dzisiaj wyj\u0105tkow\u0105 okazj\u0119 zapoznania si\u0119 z oryginalnymi pracami Marii Hiszpa\u0144skiej-Neuman, artystki, by\u0142ej wi\u0119\u017aniarki FKL Ravensbr\u00fcck. Wystawie grafik przedstawiaj\u0105cych sceny z \u017cycia obozowego i portrety wi\u0119\u017aniarek towarzyszy\u0142 wyk\u0142ad o Polkach osadzonych w obozie Ravensbr\u00fcck poprowadzony przez Oddzia\u0142owe Biuro Edukacji Narodowej. Wyj\u0105tkowe grafiki mo\u017cna ogl\u0105da\u0107 na Przystanku Historia w Szczecinie do [&hellip;]<\/p>\n","protected":false},"author":1,"featured_media":0,"comment_status":"closed","ping_status":"open","sticky":false,"template":"","format":"standard","meta":{"footnotes":""},"categories":[1],"tags":[],"class_list":["post-8305","post","type-post","status-publish","format-standard","hentry","category-bez-kategorii"],"_links":{"self":[{"href":"https:\/\/lo1.szczecin.pl\/index.php\/wp-json\/wp\/v2\/posts\/8305","targetHints":{"allow":["GET"]}}],"collection":[{"href":"https:\/\/lo1.szczecin.pl\/index.php\/wp-json\/wp\/v2\/posts"}],"about":[{"href":"https:\/\/lo1.szczecin.pl\/index.php\/wp-json\/wp\/v2\/types\/post"}],"author":[{"embeddable":true,"href":"https:\/\/lo1.szczecin.pl\/index.php\/wp-json\/wp\/v2\/users\/1"}],"replies":[{"embeddable":true,"href":"https:\/\/lo1.szczecin.pl\/index.php\/wp-json\/wp\/v2\/comments?post=8305"}],"version-history":[{"count":3,"href":"https:\/\/lo1.szczecin.pl\/index.php\/wp-json\/wp\/v2\/posts\/8305\/revisions"}],"predecessor-version":[{"id":8309,"href":"https:\/\/lo1.szczecin.pl\/index.php\/wp-json\/wp\/v2\/posts\/8305\/revisions\/8309"}],"wp:attachment":[{"href":"https:\/\/lo1.szczecin.pl\/index.php\/wp-json\/wp\/v2\/media?parent=8305"}],"wp:term":[{"taxonomy":"category","embeddable":true,"href":"https:\/\/lo1.szczecin.pl\/index.php\/wp-json\/wp\/v2\/categories?post=8305"},{"taxonomy":"post_tag","embeddable":true,"href":"https:\/\/lo1.szczecin.pl\/index.php\/wp-json\/wp\/v2\/tags?post=8305"}],"curies":[{"name":"wp","href":"https:\/\/api.w.org\/{rel}","templated":true}]}}