{"id":8310,"date":"2026-04-27T18:41:35","date_gmt":"2026-04-27T16:41:35","guid":{"rendered":"https:\/\/lo1.szczecin.pl\/?p=8310"},"modified":"2026-04-27T18:41:36","modified_gmt":"2026-04-27T16:41:36","slug":"wspolpraca-ze-stowarzyszeniem-wolontariuszy-dadu","status":"publish","type":"post","link":"https:\/\/lo1.szczecin.pl\/index.php\/2026\/04\/27\/wspolpraca-ze-stowarzyszeniem-wolontariuszy-dadu\/","title":{"rendered":"Wsp\u00f3\u0142praca ze Stowarzyszeniem Wolontariuszy DADU"},"content":{"rendered":"\n<p>22 kwietnia odby\u0142y si\u0119 kolejne zaj\u0119cia profilaktyczne na temat uzale\u017cnie\u0144 dla m\u0142odzie\u017cy. <br>W ramach projektu &#8222;Realizacja kompleksowych program\u00f3w informacyjno-edukacyjnych z zakresu profilaktyki uniwersalnej skierowanych do uczni\u00f3w szk\u00f3\u0142 ponadpodstawowych, ich nauczycieli oraz opiekun\u00f3w &#8211; \u201eZ wiedz\u0105 mi po drodze w doros\u0142o\u015b\u0107 \u2013 edycja 2026 wsp\u00f3\u0142finansowany przez Gmin\u0119 Miasto Szczecin Wydzia\u0142 Spraw Spo\u0142ecznych. <\/p>\n\n\n<div class=\"wp-block-image\">\n<figure class=\"aligncenter size-large is-resized\"><img loading=\"lazy\" decoding=\"async\" width=\"768\" height=\"1024\" src=\"https:\/\/lo1.szczecin.pl\/wp-content\/uploads\/2026\/04\/676726418_1404730261697132_4627678122867375488_n-768x1024.jpg\" alt=\"\" class=\"wp-image-8311\" style=\"width:404px;height:auto\" srcset=\"https:\/\/lo1.szczecin.pl\/wp-content\/uploads\/2026\/04\/676726418_1404730261697132_4627678122867375488_n-768x1024.jpg 768w, https:\/\/lo1.szczecin.pl\/wp-content\/uploads\/2026\/04\/676726418_1404730261697132_4627678122867375488_n-225x300.jpg 225w, https:\/\/lo1.szczecin.pl\/wp-content\/uploads\/2026\/04\/676726418_1404730261697132_4627678122867375488_n-1152x1536.jpg 1152w, https:\/\/lo1.szczecin.pl\/wp-content\/uploads\/2026\/04\/676726418_1404730261697132_4627678122867375488_n.jpg 1200w\" sizes=\"auto, (max-width: 768px) 100vw, 768px\" \/><\/figure><\/div>","protected":false},"excerpt":{"rendered":"<p>22 kwietnia odby\u0142y si\u0119 kolejne zaj\u0119cia profilaktyczne na temat uzale\u017cnie\u0144 dla m\u0142odzie\u017cy. W ramach projektu &#8222;Realizacja kompleksowych program\u00f3w informacyjno-edukacyjnych z zakresu profilaktyki uniwersalnej skierowanych do uczni\u00f3w szk\u00f3\u0142 ponadpodstawowych, ich nauczycieli oraz opiekun\u00f3w &#8211; \u201eZ wiedz\u0105 mi po drodze w doros\u0142o\u015b\u0107 \u2013 edycja 2026 wsp\u00f3\u0142finansowany przez Gmin\u0119 Miasto Szczecin Wydzia\u0142 Spraw Spo\u0142ecznych.<\/p>\n","protected":false},"author":1,"featured_media":0,"comment_status":"closed","ping_status":"open","sticky":false,"template":"","format":"standard","meta":{"footnotes":""},"categories":[1],"tags":[],"class_list":["post-8310","post","type-post","status-publish","format-standard","hentry","category-bez-kategorii"],"_links":{"self":[{"href":"https:\/\/lo1.szczecin.pl\/index.php\/wp-json\/wp\/v2\/posts\/8310","targetHints":{"allow":["GET"]}}],"collection":[{"href":"https:\/\/lo1.szczecin.pl\/index.php\/wp-json\/wp\/v2\/posts"}],"about":[{"href":"https:\/\/lo1.szczecin.pl\/index.php\/wp-json\/wp\/v2\/types\/post"}],"author":[{"embeddable":true,"href":"https:\/\/lo1.szczecin.pl\/index.php\/wp-json\/wp\/v2\/users\/1"}],"replies":[{"embeddable":true,"href":"https:\/\/lo1.szczecin.pl\/index.php\/wp-json\/wp\/v2\/comments?post=8310"}],"version-history":[{"count":1,"href":"https:\/\/lo1.szczecin.pl\/index.php\/wp-json\/wp\/v2\/posts\/8310\/revisions"}],"predecessor-version":[{"id":8312,"href":"https:\/\/lo1.szczecin.pl\/index.php\/wp-json\/wp\/v2\/posts\/8310\/revisions\/8312"}],"wp:attachment":[{"href":"https:\/\/lo1.szczecin.pl\/index.php\/wp-json\/wp\/v2\/media?parent=8310"}],"wp:term":[{"taxonomy":"category","embeddable":true,"href":"https:\/\/lo1.szczecin.pl\/index.php\/wp-json\/wp\/v2\/categories?post=8310"},{"taxonomy":"post_tag","embeddable":true,"href":"https:\/\/lo1.szczecin.pl\/index.php\/wp-json\/wp\/v2\/tags?post=8310"}],"curies":[{"name":"wp","href":"https:\/\/api.w.org\/{rel}","templated":true}]}}