{"id":8319,"date":"2026-04-27T18:46:56","date_gmt":"2026-04-27T16:46:56","guid":{"rendered":"https:\/\/lo1.szczecin.pl\/?p=8319"},"modified":"2026-04-27T18:48:07","modified_gmt":"2026-04-27T16:48:07","slug":"8319","status":"publish","type":"post","link":"https:\/\/lo1.szczecin.pl\/index.php\/2026\/04\/27\/8319\/","title":{"rendered":"Nietypowa lekcja historii"},"content":{"rendered":"\n<p>20 kwietnia br. klasy 2a i 3k uczestniczy\u0142y w nietypowej lekcji historii po\u015bwi\u0119conej losom kobiet <br>w niemieckim obozie koncentracyjnym w Ravensbr\u00fcck, kt\u00f3ra mia\u0142a miejsce w szczeci\u0144skim Posejdonie. Zaj\u0119cia prowadzone przez edukator\u00f3w z IPN wpisa\u0142y si\u0119 w edukacyjno-informacyjny projekt \u201ePrzystanek Historia\u201d popularyzuj\u0105cy najnowsz\u0105 histori\u0119 Polski. Po pogadance uczniowie mogli zapozna\u0107 si\u0119 z obozow\u0105 tw\u00f3rczo\u015bci\u0105 wi\u0119\u017aniarki, a po wojnie polskiej artystki, Marii Hiszpa\u0144skiej-Neumann.<\/p>\n\n\n<div class=\"wp-block-image\">\n<figure class=\"aligncenter size-large is-resized\"><img loading=\"lazy\" decoding=\"async\" width=\"1024\" height=\"768\" src=\"https:\/\/lo1.szczecin.pl\/wp-content\/uploads\/2026\/04\/673983572_1773604023621502_452200870242789081_n-2-1024x768.jpg\" alt=\"\" class=\"wp-image-8321\" style=\"width:573px;height:auto\" srcset=\"https:\/\/lo1.szczecin.pl\/wp-content\/uploads\/2026\/04\/673983572_1773604023621502_452200870242789081_n-2-1024x768.jpg 1024w, https:\/\/lo1.szczecin.pl\/wp-content\/uploads\/2026\/04\/673983572_1773604023621502_452200870242789081_n-2-300x225.jpg 300w, https:\/\/lo1.szczecin.pl\/wp-content\/uploads\/2026\/04\/673983572_1773604023621502_452200870242789081_n-2-768x576.jpg 768w, https:\/\/lo1.szczecin.pl\/wp-content\/uploads\/2026\/04\/673983572_1773604023621502_452200870242789081_n-2-1536x1152.jpg 1536w, https:\/\/lo1.szczecin.pl\/wp-content\/uploads\/2026\/04\/673983572_1773604023621502_452200870242789081_n-2.jpg 1600w\" sizes=\"auto, (max-width: 1024px) 100vw, 1024px\" \/><\/figure><\/div>","protected":false},"excerpt":{"rendered":"<p>20 kwietnia br. klasy 2a i 3k uczestniczy\u0142y w nietypowej lekcji historii po\u015bwi\u0119conej losom kobiet w niemieckim obozie koncentracyjnym w Ravensbr\u00fcck, kt\u00f3ra mia\u0142a miejsce w szczeci\u0144skim Posejdonie. Zaj\u0119cia prowadzone przez edukator\u00f3w z IPN wpisa\u0142y si\u0119 w edukacyjno-informacyjny projekt \u201ePrzystanek Historia\u201d popularyzuj\u0105cy najnowsz\u0105 histori\u0119 Polski. Po pogadance uczniowie mogli zapozna\u0107 si\u0119 z obozow\u0105 tw\u00f3rczo\u015bci\u0105 wi\u0119\u017aniarki, a [&hellip;]<\/p>\n","protected":false},"author":1,"featured_media":0,"comment_status":"closed","ping_status":"open","sticky":false,"template":"","format":"standard","meta":{"footnotes":""},"categories":[1],"tags":[],"class_list":["post-8319","post","type-post","status-publish","format-standard","hentry","category-bez-kategorii"],"_links":{"self":[{"href":"https:\/\/lo1.szczecin.pl\/index.php\/wp-json\/wp\/v2\/posts\/8319","targetHints":{"allow":["GET"]}}],"collection":[{"href":"https:\/\/lo1.szczecin.pl\/index.php\/wp-json\/wp\/v2\/posts"}],"about":[{"href":"https:\/\/lo1.szczecin.pl\/index.php\/wp-json\/wp\/v2\/types\/post"}],"author":[{"embeddable":true,"href":"https:\/\/lo1.szczecin.pl\/index.php\/wp-json\/wp\/v2\/users\/1"}],"replies":[{"embeddable":true,"href":"https:\/\/lo1.szczecin.pl\/index.php\/wp-json\/wp\/v2\/comments?post=8319"}],"version-history":[{"count":2,"href":"https:\/\/lo1.szczecin.pl\/index.php\/wp-json\/wp\/v2\/posts\/8319\/revisions"}],"predecessor-version":[{"id":8323,"href":"https:\/\/lo1.szczecin.pl\/index.php\/wp-json\/wp\/v2\/posts\/8319\/revisions\/8323"}],"wp:attachment":[{"href":"https:\/\/lo1.szczecin.pl\/index.php\/wp-json\/wp\/v2\/media?parent=8319"}],"wp:term":[{"taxonomy":"category","embeddable":true,"href":"https:\/\/lo1.szczecin.pl\/index.php\/wp-json\/wp\/v2\/categories?post=8319"},{"taxonomy":"post_tag","embeddable":true,"href":"https:\/\/lo1.szczecin.pl\/index.php\/wp-json\/wp\/v2\/tags?post=8319"}],"curies":[{"name":"wp","href":"https:\/\/api.w.org\/{rel}","templated":true}]}}