{"id":8328,"date":"2026-04-27T19:03:33","date_gmt":"2026-04-27T17:03:33","guid":{"rendered":"https:\/\/lo1.szczecin.pl\/?p=8328"},"modified":"2026-04-27T19:03:33","modified_gmt":"2026-04-27T17:03:33","slug":"pozegnanie-maturzystow-2026","status":"publish","type":"post","link":"https:\/\/lo1.szczecin.pl\/index.php\/2026\/04\/27\/pozegnanie-maturzystow-2026\/","title":{"rendered":"Po\u017cegnanie Maturzyst\u00f3w 2026"},"content":{"rendered":"\n<p>24 kwietnia 2026 r. mury naszej szko\u0142y opuszcza kolejne pokolenie absolwent\u00f3w. To moment pe\u0142en emocji \u2013 rado\u015bci z osi\u0105gni\u0119tego celu, ale i sentymentalnego po\u017cegnania.\u00a0 <\/p>\n\n\n\n<p><strong>Drodzy Absolwenci!<\/strong><br>Przed Wami najwa\u017cniejszy egzamin \u2013 matura. \u017byczymy Wam, aby\u015bcie z wiar\u0105 w siebie szli przez \u015bwiat, wykorzystuj\u0105c si\u0142\u0119 i odwag\u0119. Nie b\u00f3jcie si\u0119 marzy\u0107 i si\u0119ga\u0107 po to, co wydaje si\u0119 nieosi\u0105galne. Jak powiedzia\u0142 Paulo Coelho: \u00a0&#8222;Ka\u017cdy koniec jest nowym pocz\u0105tkiem\u201d.<\/p>\n\n\n\n<p class=\"has-text-align-center\"><strong>Dzi\u0119kujemy Wam za te wsp\u00f3lnie sp\u0119dzone lata, za Wasz\u0105 energi\u0119 i za to, <\/strong><br><strong>\u017ce byli\u015bcie cz\u0119\u015bci\u0105 tej szko\u0142y. Pami\u0119tajcie, \u017ce drzwi I Liceum s\u0105 dla Was zawsze otwarte. <\/strong><br><strong>\u017byczymy Wam po\u0142amania pi\u00f3r na maturze i odwagi w realizacji plan\u00f3w!<\/strong><\/p>\n\n\n\n<p class=\"has-text-align-center\"><\/p>\n\n\n<div class=\"wp-block-image\">\n<figure class=\"aligncenter size-large is-resized\"><img loading=\"lazy\" decoding=\"async\" width=\"1024\" height=\"769\" src=\"https:\/\/lo1.szczecin.pl\/wp-content\/uploads\/2026\/04\/684267365_1502760698305467_950695705799214276_n-1024x769.jpg\" alt=\"\" class=\"wp-image-8333\" style=\"width:710px;height:auto\" srcset=\"https:\/\/lo1.szczecin.pl\/wp-content\/uploads\/2026\/04\/684267365_1502760698305467_950695705799214276_n-1024x769.jpg 1024w, https:\/\/lo1.szczecin.pl\/wp-content\/uploads\/2026\/04\/684267365_1502760698305467_950695705799214276_n-300x225.jpg 300w, https:\/\/lo1.szczecin.pl\/wp-content\/uploads\/2026\/04\/684267365_1502760698305467_950695705799214276_n-768x577.jpg 768w, https:\/\/lo1.szczecin.pl\/wp-content\/uploads\/2026\/04\/684267365_1502760698305467_950695705799214276_n-1536x1154.jpg 1536w, https:\/\/lo1.szczecin.pl\/wp-content\/uploads\/2026\/04\/684267365_1502760698305467_950695705799214276_n.jpg 2048w\" sizes=\"auto, (max-width: 1024px) 100vw, 1024px\" \/><\/figure><\/div>\n\n\n<p class=\"has-text-align-center\"><\/p>\n","protected":false},"excerpt":{"rendered":"<p>24 kwietnia 2026 r. mury naszej szko\u0142y opuszcza kolejne pokolenie absolwent\u00f3w. To moment pe\u0142en emocji \u2013 rado\u015bci z osi\u0105gni\u0119tego celu, ale i sentymentalnego po\u017cegnania.\u00a0 Drodzy Absolwenci!Przed Wami najwa\u017cniejszy egzamin \u2013 matura. \u017byczymy Wam, aby\u015bcie z wiar\u0105 w siebie szli przez \u015bwiat, wykorzystuj\u0105c si\u0142\u0119 i odwag\u0119. Nie b\u00f3jcie si\u0119 marzy\u0107 i si\u0119ga\u0107 po to, co wydaje [&hellip;]<\/p>\n","protected":false},"author":1,"featured_media":0,"comment_status":"closed","ping_status":"open","sticky":false,"template":"","format":"standard","meta":{"footnotes":""},"categories":[1],"tags":[],"class_list":["post-8328","post","type-post","status-publish","format-standard","hentry","category-bez-kategorii"],"_links":{"self":[{"href":"https:\/\/lo1.szczecin.pl\/index.php\/wp-json\/wp\/v2\/posts\/8328","targetHints":{"allow":["GET"]}}],"collection":[{"href":"https:\/\/lo1.szczecin.pl\/index.php\/wp-json\/wp\/v2\/posts"}],"about":[{"href":"https:\/\/lo1.szczecin.pl\/index.php\/wp-json\/wp\/v2\/types\/post"}],"author":[{"embeddable":true,"href":"https:\/\/lo1.szczecin.pl\/index.php\/wp-json\/wp\/v2\/users\/1"}],"replies":[{"embeddable":true,"href":"https:\/\/lo1.szczecin.pl\/index.php\/wp-json\/wp\/v2\/comments?post=8328"}],"version-history":[{"count":5,"href":"https:\/\/lo1.szczecin.pl\/index.php\/wp-json\/wp\/v2\/posts\/8328\/revisions"}],"predecessor-version":[{"id":8334,"href":"https:\/\/lo1.szczecin.pl\/index.php\/wp-json\/wp\/v2\/posts\/8328\/revisions\/8334"}],"wp:attachment":[{"href":"https:\/\/lo1.szczecin.pl\/index.php\/wp-json\/wp\/v2\/media?parent=8328"}],"wp:term":[{"taxonomy":"category","embeddable":true,"href":"https:\/\/lo1.szczecin.pl\/index.php\/wp-json\/wp\/v2\/categories?post=8328"},{"taxonomy":"post_tag","embeddable":true,"href":"https:\/\/lo1.szczecin.pl\/index.php\/wp-json\/wp\/v2\/tags?post=8328"}],"curies":[{"name":"wp","href":"https:\/\/api.w.org\/{rel}","templated":true}]}}