{"id":858,"date":"2017-02-24T13:14:14","date_gmt":"2017-02-24T12:14:14","guid":{"rendered":"http:\/\/serwer1646903.home.pl\/lo1\/?p=858"},"modified":"2017-03-08T23:28:08","modified_gmt":"2017-03-08T22:28:08","slug":"my-wszyscy-z-niej-konkurs-chemiczno-fizyczny-dla-uczniow-szkol-gimnazjalnych","status":"publish","type":"post","link":"https:\/\/lo1.szczecin.pl\/index.php\/2017\/02\/24\/my-wszyscy-z-niej-konkurs-chemiczno-fizyczny-dla-uczniow-szkol-gimnazjalnych\/","title":{"rendered":"Konkurs chemiczno-fizyczny dla uczni\u00f3w szk\u00f3\u0142 gimnazjalnych"},"content":{"rendered":"<p style=\"text-align: center;\"><strong><br \/>\n&#8222;My wszyscy z niej&#8221;&#8230; <\/strong><strong>to has\u0142o tegorocznych obchod\u00f3w 150 rocznicy urodzin&nbsp;<\/strong><strong>Marii Sk\u0142odowskiej-Curie w I Liceum Og\u00f3lnokszta\u0142c\u0105cym<\/strong><br \/>\n<strong>w Szczecinie.<\/strong><\/p>\n<h3 style=\"text-align: center;\"><strong>W zwi\u0105zku z powy\u017cszym zapraszamy do wzi\u0119cia udzia\u0142u w <\/strong><strong>I edycji<\/strong><\/h3>\n<p><img loading=\"lazy\" decoding=\"async\" class=\"wp-image-863 aligncenter\" src=\"http:\/\/serwer1646903.home.pl\/lo1\/wp-content\/uploads\/2017\/02\/standard-szare.jpg\" alt=\"\" width=\"465\" height=\"268\" srcset=\"https:\/\/lo1.szczecin.pl\/wp-content\/uploads\/2017\/02\/standard-szare.jpg 2112w, https:\/\/lo1.szczecin.pl\/wp-content\/uploads\/2017\/02\/standard-szare-300x173.jpg 300w, https:\/\/lo1.szczecin.pl\/wp-content\/uploads\/2017\/02\/standard-szare-768x442.jpg 768w, https:\/\/lo1.szczecin.pl\/wp-content\/uploads\/2017\/02\/standard-szare-1024x590.jpg 1024w\" sizes=\"auto, (max-width: 465px) 100vw, 465px\" \/><\/p>\n<h4 style=\"text-align: center;\"><strong>Patronat nad konkursem obj\u0119li: Prezydent Miasta Szczecin, Zachodniopomorski Kurator O\u015bwiaty, Rektor Zachodniopomorskiego Uniwersytetu Technologicznego w Szczecinie, Konsul Honorowy Francji w Szczecinie<\/strong><\/h4>\n<p>Konkurs przeznaczony jest dla gimnazjalist\u00f3w wojew\u00f3dztwa zachodniopomorskiego. Zawiera pytania z zakresu chemii, fizyki a tak\u017ce \u017cycia i osi\u0105gni\u0119\u0107 Marii Sk\u0142odowskiej-Curie. Jego celem jest popularyzacja wiedzy o \u017cyciu, dzia\u0142alno\u015bci, osi\u0105gni\u0119ciach naukowych wielkiej polskiej uczonej i ich wsp\u00f3\u0142czesnym wykorzystaniu. Ma on tak\u017ce za zadanie podnoszenie poziomu nauczania przedmiot\u00f3w przyrodniczych, pog\u0142\u0119bianie zainteresowania naukami \u015bcis\u0142ymi oraz u\u0142atwienie uczniom wyboru szko\u0142y \u015bredniej.<\/p>\n<p><strong>Regulamin konkursu <span style=\"color: #ff0000;\"><a style=\"color: #ff0000;\" href=\"http:\/\/serwer1646903.home.pl\/lo1\/wp-content\/uploads\/2017\/02\/Regulamin-konkursu.pdf\">POBIERZ<\/a><\/span><\/strong><\/p>\n<p><strong>Karta zg\u0142oszenia uczestnik\u00f3w<\/strong>&nbsp;<span style=\"color: #ff0000;\"><strong><a style=\"color: #ff0000;\" href=\"http:\/\/serwer1646903.home.pl\/lo1\/wp-content\/uploads\/2017\/02\/Karta-zg\u0142oszenia-uczestnika.doc\">POBIERZ<\/a><\/strong><\/span><\/p>\n<p><strong>Zgoda rodzic\u00f3w<\/strong> &nbsp;<span style=\"color: #ff0000;\"><strong><a style=\"color: #ff0000;\" href=\"http:\/\/serwer1646903.home.pl\/lo1\/wp-content\/uploads\/2017\/02\/Zgoda-rodzica.doc\">POBIERZ<\/a><\/strong><\/span><\/p>\n<p>&nbsp;<\/p>\n","protected":false},"excerpt":{"rendered":"<p>&#8222;My wszyscy z niej&#8221;&#8230; to has\u0142o tegorocznych obchod\u00f3w 150 rocznicy urodzin&nbsp;Marii Sk\u0142odowskiej-Curie w I Liceum Og\u00f3lnokszta\u0142c\u0105cym w Szczecinie. W zwi\u0105zku z powy\u017cszym zapraszamy do wzi\u0119cia udzia\u0142u w I edycji Patronat nad konkursem obj\u0119li: Prezydent Miasta Szczecin, Zachodniopomorski Kurator O\u015bwiaty, Rektor Zachodniopomorskiego Uniwersytetu Technologicznego w Szczecinie, Konsul Honorowy Francji w Szczecinie Konkurs przeznaczony jest dla gimnazjalist\u00f3w [&hellip;]<\/p>\n","protected":false},"author":1,"featured_media":0,"comment_status":"closed","ping_status":"open","sticky":false,"template":"","format":"standard","meta":{"footnotes":""},"categories":[1],"tags":[],"class_list":["post-858","post","type-post","status-publish","format-standard","hentry","category-bez-kategorii"],"_links":{"self":[{"href":"https:\/\/lo1.szczecin.pl\/index.php\/wp-json\/wp\/v2\/posts\/858","targetHints":{"allow":["GET"]}}],"collection":[{"href":"https:\/\/lo1.szczecin.pl\/index.php\/wp-json\/wp\/v2\/posts"}],"about":[{"href":"https:\/\/lo1.szczecin.pl\/index.php\/wp-json\/wp\/v2\/types\/post"}],"author":[{"embeddable":true,"href":"https:\/\/lo1.szczecin.pl\/index.php\/wp-json\/wp\/v2\/users\/1"}],"replies":[{"embeddable":true,"href":"https:\/\/lo1.szczecin.pl\/index.php\/wp-json\/wp\/v2\/comments?post=858"}],"version-history":[{"count":21,"href":"https:\/\/lo1.szczecin.pl\/index.php\/wp-json\/wp\/v2\/posts\/858\/revisions"}],"predecessor-version":[{"id":875,"href":"https:\/\/lo1.szczecin.pl\/index.php\/wp-json\/wp\/v2\/posts\/858\/revisions\/875"}],"wp:attachment":[{"href":"https:\/\/lo1.szczecin.pl\/index.php\/wp-json\/wp\/v2\/media?parent=858"}],"wp:term":[{"taxonomy":"category","embeddable":true,"href":"https:\/\/lo1.szczecin.pl\/index.php\/wp-json\/wp\/v2\/categories?post=858"},{"taxonomy":"post_tag","embeddable":true,"href":"https:\/\/lo1.szczecin.pl\/index.php\/wp-json\/wp\/v2\/tags?post=858"}],"curies":[{"name":"wp","href":"https:\/\/api.w.org\/{rel}","templated":true}]}}